{"id":1752,"date":"2022-12-30T12:54:00","date_gmt":"2022-12-30T11:54:00","guid":{"rendered":"https:\/\/www.kunstloft.de\/magazin\/?p=1752"},"modified":"2023-08-16T08:09:05","modified_gmt":"2023-08-16T08:09:05","slug":"tapis-salon-idees","status":"publish","type":"post","link":"https:\/\/fr.kunstloft.be\/magazine\/tapis-salon-idees\/","title":{"rendered":"Confort et individualit\u00e9: des tapis pour votre salon"},"content":{"rendered":"\t\t<div data-elementor-type=\"wp-post\" data-elementor-id=\"1752\" class=\"elementor elementor-1752\">\n\t\t\t\t\t\t<section class=\"elementor-section elementor-top-section elementor-element elementor-element-dba2f5c elementor-section-boxed elementor-section-height-default elementor-section-height-default\" data-id=\"dba2f5c\" data-element_type=\"section\" data-e-type=\"section\">\n\t\t\t\t\t\t<div class=\"elementor-container elementor-column-gap-default\">\n\t\t\t\t\t<div class=\"elementor-column elementor-col-66 elementor-top-column elementor-element elementor-element-e230859\" data-id=\"e230859\" data-element_type=\"column\" data-e-type=\"column\">\n\t\t\t<div class=\"elementor-widget-wrap elementor-element-populated\">\n\t\t\t\t\t\t<div class=\"elementor-element elementor-element-e9d4cf4 elementor-widget elementor-widget-image\" data-id=\"e9d4cf4\" data-element_type=\"widget\" data-e-type=\"widget\" data-widget_type=\"image.default\">\n\t\t\t\t<div class=\"elementor-widget-container\">\n\t\t\t\t\t\t\t\t\t\t\t\t\t\t\t<img decoding=\"async\" src=\"https:\/\/www.kunstloft.de\/wordpress\/de_DE\/de\/wp-content\/uploads\/2022\/12\/michiel-annaert-5lLLAxNpAys-unsplash-scaled.jpg\" title=\"\" alt=\"\" loading=\"lazy\" \/>\t\t\t\t\t\t\t\t\t\t\t\t\t\t\t<\/div>\n\t\t\t\t<\/div>\n\t\t\t\t\t<\/div>\n\t\t<\/div>\n\t\t\t\t<div class=\"elementor-column elementor-col-33 elementor-top-column elementor-element elementor-element-e93e37f\" data-id=\"e93e37f\" data-element_type=\"column\" data-e-type=\"column\">\n\t\t\t<div class=\"elementor-widget-wrap elementor-element-populated\">\n\t\t\t\t\t\t<div class=\"elementor-element elementor-element-645a465 elementor-widget elementor-widget-heading\" data-id=\"645a465\" data-element_type=\"widget\" data-e-type=\"widget\" data-widget_type=\"heading.default\">\n\t\t\t\t<div class=\"elementor-widget-container\">\n\t\t\t\t\t<h1 class=\"elementor-heading-title elementor-size-default\">Confort et individualit\u00e9: des tapis pour votre salon<\/h1>\t\t\t\t<\/div>\n\t\t\t\t<\/div>\n\t\t\t\t\t<\/div>\n\t\t<\/div>\n\t\t\t\t\t<\/div>\n\t\t<\/section>\n\t\t\t\t<section class=\"elementor-section elementor-top-section elementor-element elementor-element-58d7ea7 elementor-section-boxed elementor-section-height-default elementor-section-height-default\" data-id=\"58d7ea7\" data-element_type=\"section\" data-e-type=\"section\">\n\t\t\t\t\t\t<div class=\"elementor-container elementor-column-gap-default\">\n\t\t\t\t\t<div class=\"elementor-column elementor-col-100 elementor-top-column elementor-element elementor-element-63ef499\" data-id=\"63ef499\" data-element_type=\"column\" data-e-type=\"column\">\n\t\t\t<div class=\"elementor-widget-wrap elementor-element-populated\">\n\t\t\t\t\t\t<div class=\"elementor-element elementor-element-19618ae elementor-widget elementor-widget-text-editor\" data-id=\"19618ae\" data-element_type=\"widget\" data-e-type=\"widget\" data-widget_type=\"text-editor.default\">\n\t\t\t\t<div class=\"elementor-widget-container\">\n\t\t\t\t\t\t\t\t\t<p><strong>Dans le salon, vous vous installez confortablement sur le canap\u00e9 apr\u00e8s une longue journ\u00e9e, vous vibrez devant une s\u00e9rie passionnante ou vous passez des moments conviviaux avec vos amis et votre famille. C&rsquo;est pourquoi le c\u0153ur de votre maison doit \u00eatre un lieu de bien-\u00eatre. Avec des tapis, vous cr\u00e9ez en un clin d&rsquo;\u0153il une atmosph\u00e8re chaleureuse, compl\u00e9tez votre style d&rsquo;am\u00e9nagement ou apportez des touches de fra\u00eecheur. Nous vous donnons des conseils pour choisir le tapis parfait pour votre salon parmi l&rsquo;offre immense.<\/strong><\/p>\t\t\t\t\t\t\t\t<\/div>\n\t\t\t\t<\/div>\n\t\t\t\t\t<\/div>\n\t\t<\/div>\n\t\t\t\t\t<\/div>\n\t\t<\/section>\n\t\t\t\t<section class=\"elementor-section elementor-top-section elementor-element elementor-element-d402a65 elementor-section-boxed elementor-section-height-default elementor-section-height-default\" data-id=\"d402a65\" data-element_type=\"section\" data-e-type=\"section\">\n\t\t\t\t\t\t<div class=\"elementor-container elementor-column-gap-default\">\n\t\t\t\t\t<div class=\"elementor-column elementor-col-100 elementor-top-column elementor-element elementor-element-56e28c9\" data-id=\"56e28c9\" data-element_type=\"column\" data-e-type=\"column\">\n\t\t\t<div class=\"elementor-widget-wrap elementor-element-populated\">\n\t\t\t\t\t\t<div class=\"elementor-element elementor-element-ff88f56 elementor-widget elementor-widget-text-editor\" data-id=\"ff88f56\" data-element_type=\"widget\" data-e-type=\"widget\" data-widget_type=\"text-editor.default\">\n\t\t\t\t<div class=\"elementor-widget-container\">\n\t\t\t\t\t\t\t\t\t<p><strong>Table des mati\u00e8res<\/strong><\/p><ul><li><a href=\"#teppichfinden\">Voici comment trouver le tapis parfait pour votre salon\u00a0<\/a><ul><li><a href=\"#teppichmaterial\">Mat\u00e9riau naturel ou synth\u00e9tique ?\u00a0<\/a><\/li><li><a href=\"#flor\">\u00c0 poils longs ou \u00e0 poils courts ?\u00a0<\/a><\/li><li><a href=\"#teppichgroesse\">La bonne taille\u00a0<\/a><\/li><li><a href=\"#teppichform\">la forme : Ronde ou carr\u00e9e ?\u00a0<\/a><\/li><li><a href=\"#farbemuster\">Couleur et motif : discrets ou voyants ?\u00a0<\/a><\/li><\/ul><\/li><li><a href=\"#teppichplatzierung\">Quel est le meilleur endroit pour placer le tapis ?\u00a0<\/a><\/li><li><a href=\"#teppichreinigung\">Wo ist der beste Ort, um den Teppich zu platzieren?\u00a0<\/a><\/li><li><a href=\"#teppichekl\">Un salon pour se sentir bien avec KunstLoft\u00a0 mit KunstLoft<\/a><\/li><\/ul>\t\t\t\t\t\t\t\t<\/div>\n\t\t\t\t<\/div>\n\t\t\t\t\t<\/div>\n\t\t<\/div>\n\t\t\t\t\t<\/div>\n\t\t<\/section>\n\t\t\t\t<section class=\"elementor-section elementor-top-section elementor-element elementor-element-aa058e4 elementor-section-boxed elementor-section-height-default elementor-section-height-default\" data-id=\"aa058e4\" data-element_type=\"section\" data-e-type=\"section\">\n\t\t\t\t\t\t<div class=\"elementor-container elementor-column-gap-default\">\n\t\t\t\t\t<div class=\"elementor-column elementor-col-100 elementor-top-column elementor-element elementor-element-b1e2396\" data-id=\"b1e2396\" data-element_type=\"column\" data-e-type=\"column\">\n\t\t\t<div class=\"elementor-widget-wrap elementor-element-populated\">\n\t\t\t\t\t\t<div class=\"elementor-element elementor-element-412cac6 elementor-widget elementor-widget-heading\" data-id=\"412cac6\" data-element_type=\"widget\" data-e-type=\"widget\" id=\"teppichfinden\" data-widget_type=\"heading.default\">\n\t\t\t\t<div class=\"elementor-widget-container\">\n\t\t\t\t\t<h2 class=\"elementor-heading-title elementor-size-large\">Voici comment trouver le tapis parfait pour votre salon<\/h2>\t\t\t\t<\/div>\n\t\t\t\t<\/div>\n\t\t\t\t\t<\/div>\n\t\t<\/div>\n\t\t\t\t\t<\/div>\n\t\t<\/section>\n\t\t\t\t<section class=\"elementor-section elementor-top-section elementor-element elementor-element-c7fe903 elementor-section-boxed elementor-section-height-default elementor-section-height-default\" data-id=\"c7fe903\" data-element_type=\"section\" data-e-type=\"section\">\n\t\t\t\t\t\t<div class=\"elementor-container elementor-column-gap-default\">\n\t\t\t\t\t<div class=\"elementor-column elementor-col-100 elementor-top-column elementor-element elementor-element-af6793c\" data-id=\"af6793c\" data-element_type=\"column\" data-e-type=\"column\">\n\t\t\t<div class=\"elementor-widget-wrap elementor-element-populated\">\n\t\t\t\t\t\t<div class=\"elementor-element elementor-element-93286ce elementor-widget elementor-widget-text-editor\" data-id=\"93286ce\" data-element_type=\"widget\" data-e-type=\"widget\" data-widget_type=\"text-editor.default\">\n\t\t\t\t<div class=\"elementor-widget-container\">\n\t\t\t\t\t\t\t\t\t<p>Si vous souhaitez embellir votre salon avec un tapis, vous devez tenir compte de certains aspects. Gr\u00e2ce \u00e0 nos conseils utiles, le choix d&rsquo;un tapis ne peut plus se faire dans le d\u00e9sordre !<\/p>\t\t\t\t\t\t\t\t<\/div>\n\t\t\t\t<\/div>\n\t\t\t\t\t<\/div>\n\t\t<\/div>\n\t\t\t\t\t<\/div>\n\t\t<\/section>\n\t\t\t\t<section class=\"elementor-section elementor-top-section elementor-element elementor-element-a87d234 elementor-section-boxed elementor-section-height-default elementor-section-height-default\" data-id=\"a87d234\" data-element_type=\"section\" data-e-type=\"section\">\n\t\t\t\t\t\t<div class=\"elementor-container elementor-column-gap-default\">\n\t\t\t\t\t<div class=\"elementor-column elementor-col-100 elementor-top-column elementor-element elementor-element-8064bbe\" data-id=\"8064bbe\" data-element_type=\"column\" data-e-type=\"column\">\n\t\t\t<div class=\"elementor-widget-wrap elementor-element-populated\">\n\t\t\t\t\t\t<div class=\"elementor-element elementor-element-804e3e3 elementor-widget elementor-widget-heading\" data-id=\"804e3e3\" data-element_type=\"widget\" data-e-type=\"widget\" id=\"teppichmaterial\" data-widget_type=\"heading.default\">\n\t\t\t\t<div class=\"elementor-widget-container\">\n\t\t\t\t\t<h3 class=\"elementor-heading-title elementor-size-medium\">Mat\u00e9riau naturel ou synth\u00e9tique ?<\/h3>\t\t\t\t<\/div>\n\t\t\t\t<\/div>\n\t\t\t\t\t<\/div>\n\t\t<\/div>\n\t\t\t\t\t<\/div>\n\t\t<\/section>\n\t\t\t\t<section class=\"elementor-section elementor-top-section elementor-element elementor-element-8f1681e elementor-section-boxed elementor-section-height-default elementor-section-height-default\" data-id=\"8f1681e\" data-element_type=\"section\" data-e-type=\"section\">\n\t\t\t\t\t\t<div class=\"elementor-container elementor-column-gap-default\">\n\t\t\t\t\t<div class=\"elementor-column elementor-col-100 elementor-top-column elementor-element elementor-element-3d2ec43\" data-id=\"3d2ec43\" data-element_type=\"column\" data-e-type=\"column\">\n\t\t\t<div class=\"elementor-widget-wrap elementor-element-populated\">\n\t\t\t\t\t\t<div class=\"elementor-element elementor-element-c0e25e7 elementor-widget elementor-widget-text-editor\" data-id=\"c0e25e7\" data-element_type=\"widget\" data-e-type=\"widget\" data-widget_type=\"text-editor.default\">\n\t\t\t\t<div class=\"elementor-widget-container\">\n\t\t\t\t\t\t\t\t\t<p>Les tapis se composent des mat\u00e9riaux les plus divers. En g\u00e9n\u00e9ral, on distingue les fibres synth\u00e9tiques des fibres naturelles. Parmi les mat\u00e9riaux synth\u00e9tiques, on trouve notamment la viscose, le polypropyl\u00e8ne et le polyester. Les fibres synth\u00e9tiques sont particuli\u00e8rement douces, r\u00e9sistantes et durables. Si vous souffrez d&rsquo;allergies, vous devriez opter pour des <a href=\"https:\/\/fr.kunstloft.be\/tapis-fibres-synthetiques\/\">tapis synth\u00e9tiques <\/a> Les matelas et les oreillers sont plus faciles \u00e0 nettoyer, car ils n&rsquo;absorbent pas la poussi\u00e8re et n&rsquo;offrent pas de terrain propice aux acariens et aux champignons.<\/p><p>Si vous pr\u00e9f\u00e9rez les mat\u00e9riaux naturels, mais tout aussi r\u00e9sistants, vous avez g\u00e9n\u00e9ralement le choix entre la laine, le coton et le sisal..<a href=\"https:\/\/fr.kunstloft.be\/tapis-laine\/\">Tapis en laine <\/a> sont r\u00e9sistants \u00e0 la salet\u00e9 gr\u00e2ce \u00e0 leur teneur naturelle en graisse et apportent une chaleur douillette dans votre salon. <a href=\"https:\/\/fr.kunstloft.be\/tapis-coton\/\">Tapis en coton<\/a> pr\u00e9sentent des caract\u00e9ristiques similaires, mais sont un peu moins ch\u00e8res et souvent lavables (pour autant qu&rsquo;elles entrent dans votre machine \u00e0 laver). Les plus r\u00e9sistants sont <a href=\"https:\/\/fr.kunstloft.be\/tapis-sisal\/\">Tapis en sisal <\/a>, qui font partie des tendances les plus en vogue avec leur surface riche en structure dans des couleurs naturelles comme le beige. Ce mat\u00e9riau est particuli\u00e8rement recommand\u00e9 si des animaux domestiques vivent dans votre foyer. Toutefois, les tapis en sisal doivent \u00eatre soigneusement prot\u00e9g\u00e9s de l&rsquo;humidit\u00e9, sinon ils risquent de se d\u00e9former.<\/p>\t\t\t\t\t\t\t\t<\/div>\n\t\t\t\t<\/div>\n\t\t\t\t\t<\/div>\n\t\t<\/div>\n\t\t\t\t\t<\/div>\n\t\t<\/section>\n\t\t\t\t<section class=\"elementor-section elementor-top-section elementor-element elementor-element-580db4a elementor-section-boxed elementor-section-height-default elementor-section-height-default\" data-id=\"580db4a\" data-element_type=\"section\" data-e-type=\"section\">\n\t\t\t\t\t\t<div class=\"elementor-container elementor-column-gap-default\">\n\t\t\t\t\t<div class=\"elementor-column elementor-col-50 elementor-top-column elementor-element elementor-element-09cac99\" data-id=\"09cac99\" data-element_type=\"column\" data-e-type=\"column\">\n\t\t\t<div class=\"elementor-widget-wrap elementor-element-populated\">\n\t\t\t\t\t\t<div class=\"elementor-element elementor-element-dc70690 elementor-widget elementor-widget-image\" data-id=\"dc70690\" data-element_type=\"widget\" data-e-type=\"widget\" data-widget_type=\"image.default\">\n\t\t\t\t<div class=\"elementor-widget-container\">\n\t\t\t\t\t\t\t\t\t\t\t\t\t\t\t\t<a href=\"https:\/\/fr.kunstloft.be\/14731-tapis-sydney-beige\/\" target=\"_blank\">\n\t\t\t\t\t\t\t<img decoding=\"async\" src=\"https:\/\/fr.kunstloft.be\/magazine\/wp-content\/uploads\/2023\/07\/elementor\/thumbs\/cotton-cl-q9vpl2jtzhtcxlsl2b7iob4itgx6ftoqn6brmz1me8.jpg\" title=\"cotton-cl\" alt=\"cotton-cl\" class=\"elementor-animation-grow\" loading=\"lazy\" \/>\t\t\t\t\t\t\t\t<\/a>\n\t\t\t\t\t\t\t\t\t\t\t\t\t\t\t<\/div>\n\t\t\t\t<\/div>\n\t\t\t\t\t<\/div>\n\t\t<\/div>\n\t\t\t\t<div class=\"elementor-column elementor-col-50 elementor-top-column elementor-element elementor-element-6d05e94\" data-id=\"6d05e94\" data-element_type=\"column\" data-e-type=\"column\">\n\t\t\t<div class=\"elementor-widget-wrap elementor-element-populated\">\n\t\t\t\t\t\t<div class=\"elementor-element elementor-element-00f42f6 elementor-widget elementor-widget-image\" data-id=\"00f42f6\" data-element_type=\"widget\" data-e-type=\"widget\" data-widget_type=\"image.default\">\n\t\t\t\t<div class=\"elementor-widget-container\">\n\t\t\t\t\t\t\t\t\t\t\t\t\t\t\t\t<a href=\"https:\/\/fr.kunstloft.be\/14764-tapis-jork-light-brown\/\" target=\"_blank\">\n\t\t\t\t\t\t\t<img decoding=\"async\" src=\"https:\/\/fr.kunstloft.be\/magazine\/wp-content\/uploads\/2023\/07\/elementor\/thumbs\/sisal-kl-q9vpqzx72vxg536ngdftwba5nxphz47t4iezks995s.jpg\" title=\"sisal-kl\" alt=\"sisal-kl\" class=\"elementor-animation-grow\" loading=\"lazy\" \/>\t\t\t\t\t\t\t\t<\/a>\n\t\t\t\t\t\t\t\t\t\t\t\t\t\t\t<\/div>\n\t\t\t\t<\/div>\n\t\t\t\t\t<\/div>\n\t\t<\/div>\n\t\t\t\t\t<\/div>\n\t\t<\/section>\n\t\t\t\t<section class=\"elementor-section elementor-top-section elementor-element elementor-element-a2ec768 elementor-section-boxed elementor-section-height-default elementor-section-height-default\" data-id=\"a2ec768\" data-element_type=\"section\" data-e-type=\"section\">\n\t\t\t\t\t\t<div class=\"elementor-container elementor-column-gap-default\">\n\t\t\t\t\t<div class=\"elementor-column elementor-col-100 elementor-top-column elementor-element elementor-element-aabd3ad\" data-id=\"aabd3ad\" data-element_type=\"column\" data-e-type=\"column\">\n\t\t\t<div class=\"elementor-widget-wrap elementor-element-populated\">\n\t\t\t\t\t\t<div class=\"elementor-element elementor-element-d65f98c elementor-widget elementor-widget-text-editor\" data-id=\"d65f98c\" data-element_type=\"widget\" data-e-type=\"widget\" data-widget_type=\"text-editor.default\">\n\t\t\t\t<div class=\"elementor-widget-container\">\n\t\t\t\t\t\t\t\t\t<p>Lors du choix d&rsquo;un tapis, il vaut \u00e9galement la peine de jeter un coup d&rsquo;\u0153il \u00e0 la face inf\u00e9rieure : pour \u00e9viter que le tapis ne glisse sur un sol lisse, il doit \u00eatre caoutchout\u00e9 en dessous. Mais ne vous inqui\u00e9tez pas, si vous avez trouv\u00e9 le tapis de vos r\u00eaves et qu&rsquo;il n&rsquo;a pas de dessous antid\u00e9rapant, vous pouvez aussi acheter des dessous antid\u00e9rapants s\u00e9par\u00e9ment.<\/p>\t\t\t\t\t\t\t\t<\/div>\n\t\t\t\t<\/div>\n\t\t\t\t\t<\/div>\n\t\t<\/div>\n\t\t\t\t\t<\/div>\n\t\t<\/section>\n\t\t\t\t<section class=\"elementor-section elementor-top-section elementor-element elementor-element-c6c53a7 elementor-section-boxed elementor-section-height-default elementor-section-height-default\" data-id=\"c6c53a7\" data-element_type=\"section\" data-e-type=\"section\">\n\t\t\t\t\t\t<div class=\"elementor-container elementor-column-gap-default\">\n\t\t\t\t\t<div class=\"elementor-column elementor-col-100 elementor-top-column elementor-element elementor-element-5cc3476\" data-id=\"5cc3476\" data-element_type=\"column\" data-e-type=\"column\">\n\t\t\t<div class=\"elementor-widget-wrap elementor-element-populated\">\n\t\t\t\t\t\t<div class=\"elementor-element elementor-element-6b4dede elementor-widget elementor-widget-heading\" data-id=\"6b4dede\" data-element_type=\"widget\" data-e-type=\"widget\" id=\"flor\" data-widget_type=\"heading.default\">\n\t\t\t\t<div class=\"elementor-widget-container\">\n\t\t\t\t\t<h3 class=\"elementor-heading-title elementor-size-medium\">\u00c0 poils longs ou \u00e0 poils courts ?<\/h3>\t\t\t\t<\/div>\n\t\t\t\t<\/div>\n\t\t\t\t\t<\/div>\n\t\t<\/div>\n\t\t\t\t\t<\/div>\n\t\t<\/section>\n\t\t\t\t<section class=\"elementor-section elementor-top-section elementor-element elementor-element-bbe2a26 elementor-section-boxed elementor-section-height-default elementor-section-height-default\" data-id=\"bbe2a26\" data-element_type=\"section\" data-e-type=\"section\">\n\t\t\t\t\t\t<div class=\"elementor-container elementor-column-gap-default\">\n\t\t\t\t\t<div class=\"elementor-column elementor-col-100 elementor-top-column elementor-element elementor-element-4370271\" data-id=\"4370271\" data-element_type=\"column\" data-e-type=\"column\">\n\t\t\t<div class=\"elementor-widget-wrap elementor-element-populated\">\n\t\t\t\t\t\t<div class=\"elementor-element elementor-element-49462f1 elementor-widget elementor-widget-text-editor\" data-id=\"49462f1\" data-element_type=\"widget\" data-e-type=\"widget\" data-widget_type=\"text-editor.default\">\n\t\t\t\t<div class=\"elementor-widget-container\">\n\t\t\t\t\t\t\t\t\t<p>Selon la longueur des fibres, on parle de tapis \u00e0 poils courts ou de tapis \u00e0 poils longs. <a href=\"https:\/\/fr.kunstloft.be\/tapis-poils-courts\/\">Tapis \u00e0 poils courts <\/a> disposent d&rsquo;une hauteur de poil de 1,5 centim\u00e8tres maximum, tandis que <a href=\"https:\/\/fr.kunstloft.be\/tapis-haut-velours\/\">Tapis \u00e0 poils longs <\/a> peuvent atteindre une hauteur de 5 centim\u00e8tres ou plus. Ces derniers sont donc nettement plus moelleux et plus chauds sous les pieds et ont en outre un effet insonorisant. En revanche, les moquettes \u00e0 poils courts sont plus r\u00e9sistantes et plus faciles \u00e0 nettoyer, car la poussi\u00e8re et la salet\u00e9 s&rsquo;y incrustent moins facilement. C&rsquo;est pourquoi il est pr\u00e9f\u00e9rable de choisir des moquettes \u00e0 poils courts si vous avez des allergies ou des animaux domestiques.<\/p>\t\t\t\t\t\t\t\t<\/div>\n\t\t\t\t<\/div>\n\t\t\t\t\t<\/div>\n\t\t<\/div>\n\t\t\t\t\t<\/div>\n\t\t<\/section>\n\t\t\t\t<section class=\"elementor-section elementor-top-section elementor-element elementor-element-dc61a29 elementor-section-boxed elementor-section-height-default elementor-section-height-default\" data-id=\"dc61a29\" data-element_type=\"section\" data-e-type=\"section\">\n\t\t\t\t\t\t<div class=\"elementor-container elementor-column-gap-default\">\n\t\t\t\t\t<div class=\"elementor-column elementor-col-100 elementor-top-column elementor-element elementor-element-461f595\" data-id=\"461f595\" data-element_type=\"column\" data-e-type=\"column\">\n\t\t\t<div class=\"elementor-widget-wrap elementor-element-populated\">\n\t\t\t\t\t\t<div class=\"elementor-element elementor-element-8693142 elementor-widget elementor-widget-heading\" data-id=\"8693142\" data-element_type=\"widget\" data-e-type=\"widget\" id=\"teppichgroesse\" data-widget_type=\"heading.default\">\n\t\t\t\t<div class=\"elementor-widget-container\">\n\t\t\t\t\t<h3 class=\"elementor-heading-title elementor-size-medium\">La bonne taille<\/h3>\t\t\t\t<\/div>\n\t\t\t\t<\/div>\n\t\t\t\t\t<\/div>\n\t\t<\/div>\n\t\t\t\t\t<\/div>\n\t\t<\/section>\n\t\t\t\t<section class=\"elementor-section elementor-top-section elementor-element elementor-element-8b566fb elementor-section-boxed elementor-section-height-default elementor-section-height-default\" data-id=\"8b566fb\" data-element_type=\"section\" data-e-type=\"section\">\n\t\t\t\t\t\t<div class=\"elementor-container elementor-column-gap-default\">\n\t\t\t\t\t<div class=\"elementor-column elementor-col-100 elementor-top-column elementor-element elementor-element-187c6b1\" data-id=\"187c6b1\" data-element_type=\"column\" data-e-type=\"column\">\n\t\t\t<div class=\"elementor-widget-wrap elementor-element-populated\">\n\t\t\t\t\t\t<div class=\"elementor-element elementor-element-56f112d elementor-widget elementor-widget-text-editor\" data-id=\"56f112d\" data-element_type=\"widget\" data-e-type=\"widget\" data-widget_type=\"text-editor.default\">\n\t\t\t\t<div class=\"elementor-widget-container\">\n\t\t\t\t\t\t\t\t\t<p>En r\u00e8gle g\u00e9n\u00e9rale, le tapis doit \u00eatre au moins aussi large que votre canap\u00e9. En r\u00e8gle g\u00e9n\u00e9rale, le tapis doit \u00eatre 20 \u00e0 30 centim\u00e8tres plus large que le canap\u00e9, \u00e0 gauche comme \u00e0 droite. Vous devez \u00e9galement tenir compte de la taille de votre salon : Si vous choisissez un tapis trop petit, il sera noy\u00e9 dans la pi\u00e8ce et ne pourra pas faire son effet, si le tapis est trop grand, il encombrera la pi\u00e8ce. Une bonne fa\u00e7on de trouver la taille optimale est de marquer les dimensions sur le sol avec du ruban adh\u00e9sif ou du papier journal. Vous pouvez ainsi illustrer concr\u00e8tement l&rsquo;effet que produiraient diff\u00e9rentes tailles de tapis dans votre salon.<\/p>\t\t\t\t\t\t\t\t<\/div>\n\t\t\t\t<\/div>\n\t\t\t\t\t<\/div>\n\t\t<\/div>\n\t\t\t\t\t<\/div>\n\t\t<\/section>\n\t\t\t\t<section class=\"elementor-section elementor-top-section elementor-element elementor-element-f331ce6 elementor-section-boxed elementor-section-height-default elementor-section-height-default\" data-id=\"f331ce6\" data-element_type=\"section\" data-e-type=\"section\">\n\t\t\t\t\t\t<div class=\"elementor-container elementor-column-gap-default\">\n\t\t\t\t\t<div class=\"elementor-column elementor-col-50 elementor-top-column elementor-element elementor-element-2b1f339\" data-id=\"2b1f339\" data-element_type=\"column\" data-e-type=\"column\">\n\t\t\t<div class=\"elementor-widget-wrap elementor-element-populated\">\n\t\t\t\t\t\t<div class=\"elementor-element elementor-element-dd486cf elementor-widget elementor-widget-image\" data-id=\"dd486cf\" data-element_type=\"widget\" data-e-type=\"widget\" data-widget_type=\"image.default\">\n\t\t\t\t<div class=\"elementor-widget-container\">\n\t\t\t\t\t\t\t\t\t\t\t\t\t\t\t<img decoding=\"async\" src=\"https:\/\/www.kunstloft.de\/wordpress\/de_DE\/de\/wp-content\/uploads\/2022\/12\/spacejoy-c0JoR_-2x3E-unsplash-scaled.jpg\" title=\"\" alt=\"\" class=\"elementor-animation-grow\" loading=\"lazy\" \/>\t\t\t\t\t\t\t\t\t\t\t\t\t\t\t<\/div>\n\t\t\t\t<\/div>\n\t\t\t\t\t<\/div>\n\t\t<\/div>\n\t\t\t\t<div class=\"elementor-column elementor-col-50 elementor-top-column elementor-element elementor-element-5af1923\" data-id=\"5af1923\" data-element_type=\"column\" data-e-type=\"column\">\n\t\t\t<div class=\"elementor-widget-wrap elementor-element-populated\">\n\t\t\t\t\t\t<div class=\"elementor-element elementor-element-b267d7d elementor-widget elementor-widget-image\" data-id=\"b267d7d\" data-element_type=\"widget\" data-e-type=\"widget\" data-widget_type=\"image.default\">\n\t\t\t\t<div class=\"elementor-widget-container\">\n\t\t\t\t\t\t\t\t\t\t\t\t\t\t\t<img decoding=\"async\" src=\"https:\/\/www.kunstloft.de\/wordpress\/de_DE\/de\/wp-content\/uploads\/2022\/12\/yehleen-gaffney-raxI_EcyfGw-unsplash-scaled.jpg\" title=\"\" alt=\"\" class=\"elementor-animation-grow\" loading=\"lazy\" \/>\t\t\t\t\t\t\t\t\t\t\t\t\t\t\t<\/div>\n\t\t\t\t<\/div>\n\t\t\t\t\t<\/div>\n\t\t<\/div>\n\t\t\t\t\t<\/div>\n\t\t<\/section>\n\t\t\t\t<section class=\"elementor-section elementor-top-section elementor-element elementor-element-24dcc67 elementor-section-boxed elementor-section-height-default elementor-section-height-default\" data-id=\"24dcc67\" data-element_type=\"section\" data-e-type=\"section\">\n\t\t\t\t\t\t<div class=\"elementor-container elementor-column-gap-default\">\n\t\t\t\t\t<div class=\"elementor-column elementor-col-100 elementor-top-column elementor-element elementor-element-84e0ae6\" data-id=\"84e0ae6\" data-element_type=\"column\" data-e-type=\"column\">\n\t\t\t<div class=\"elementor-widget-wrap elementor-element-populated\">\n\t\t\t\t\t\t<div class=\"elementor-element elementor-element-47c33e1 elementor-widget elementor-widget-heading\" data-id=\"47c33e1\" data-element_type=\"widget\" data-e-type=\"widget\" id=\"teppichform\" data-widget_type=\"heading.default\">\n\t\t\t\t<div class=\"elementor-widget-container\">\n\t\t\t\t\t<h3 class=\"elementor-heading-title elementor-size-medium\">la forme : Ronde ou carr\u00e9e ?\n<\/h3>\t\t\t\t<\/div>\n\t\t\t\t<\/div>\n\t\t\t\t\t<\/div>\n\t\t<\/div>\n\t\t\t\t\t<\/div>\n\t\t<\/section>\n\t\t\t\t<section class=\"elementor-section elementor-top-section elementor-element elementor-element-06b73fd elementor-section-boxed elementor-section-height-default elementor-section-height-default\" data-id=\"06b73fd\" data-element_type=\"section\" data-e-type=\"section\">\n\t\t\t\t\t\t<div class=\"elementor-container elementor-column-gap-default\">\n\t\t\t\t\t<div class=\"elementor-column elementor-col-50 elementor-top-column elementor-element elementor-element-4eeeb47\" data-id=\"4eeeb47\" data-element_type=\"column\" data-e-type=\"column\">\n\t\t\t<div class=\"elementor-widget-wrap elementor-element-populated\">\n\t\t\t\t\t\t<div class=\"elementor-element elementor-element-e721f73 elementor-widget elementor-widget-text-editor\" data-id=\"e721f73\" data-element_type=\"widget\" data-e-type=\"widget\" data-widget_type=\"text-editor.default\">\n\t\t\t\t<div class=\"elementor-widget-container\">\n\t\t\t\t\t\t\t\t\t<p>Pour le salon, les tapis carr\u00e9s, rectangulaires et ronds sont les plus appropri\u00e9s. Les tapis carr\u00e9s sont des classiques parmi les tapis de sol et sont toujours \u00e9l\u00e9gants. La forme du canap\u00e9 joue \u00e9galement un r\u00f4le : un tapis rectangulaire s&rsquo;harmonise bien avec un canap\u00e9 allong\u00e9 \u00e0 2 ou 3 places, tandis qu&rsquo;un canap\u00e9 d&rsquo;angle est mieux compl\u00e9t\u00e9 par un tapis carr\u00e9.<\/p>\t\t\t\t\t\t\t\t<\/div>\n\t\t\t\t<\/div>\n\t\t\t\t\t<\/div>\n\t\t<\/div>\n\t\t\t\t<div class=\"elementor-column elementor-col-50 elementor-top-column elementor-element elementor-element-5c9a53a\" data-id=\"5c9a53a\" data-element_type=\"column\" data-e-type=\"column\">\n\t\t\t<div class=\"elementor-widget-wrap elementor-element-populated\">\n\t\t\t\t\t\t<div class=\"elementor-element elementor-element-84c8d5a elementor-widget elementor-widget-image\" data-id=\"84c8d5a\" data-element_type=\"widget\" data-e-type=\"widget\" data-widget_type=\"image.default\">\n\t\t\t\t<div class=\"elementor-widget-container\">\n\t\t\t\t\t\t\t\t\t\t\t\t\t\t\t\t<a href=\"https:\/\/fr.kunstloft.be\/15874-tapis-lea-green\/\" target=\"_blank\">\n\t\t\t\t\t\t\t<img decoding=\"async\" src=\"https:\/\/fr.kunstloft.be\/magazine\/wp-content\/uploads\/2023\/07\/elementor\/thumbs\/carpet-cornered-scaled-2-q9vptj3iiqcjo9mxsrh8w7d62leligq0i4j46jlbbs.jpg\" title=\"carpet-cornered-scaled\" alt=\"carpet-cornered-scaled\" class=\"elementor-animation-grow\" loading=\"lazy\" \/>\t\t\t\t\t\t\t\t<\/a>\n\t\t\t\t\t\t\t\t\t\t\t\t\t\t\t<\/div>\n\t\t\t\t<\/div>\n\t\t\t\t<div class=\"elementor-element elementor-element-68ef672 elementor-widget elementor-widget-text-editor\" data-id=\"68ef672\" data-element_type=\"widget\" data-e-type=\"widget\" data-widget_type=\"text-editor.default\">\n\t\t\t\t<div class=\"elementor-widget-container\">\n\t\t\t\t\t\t\t\t\t<p style=\"text-align: center;\"><a style=\"background-color: #ffffff; font-size: 14px; text-align: center;\" href=\"https:\/\/fr.kunstloft.be\/15874-tapis-lea-green\/\"><span style=\"font-weight: bold;\"><span style=\"vertical-align: inherit;\"><span style=\"vertical-align: inherit;\">Moquette design \u00e0 poils longs Lea Green\u00a0<\/span><\/span><\/span><\/a><\/p>\t\t\t\t\t\t\t\t<\/div>\n\t\t\t\t<\/div>\n\t\t\t\t\t<\/div>\n\t\t<\/div>\n\t\t\t\t\t<\/div>\n\t\t<\/section>\n\t\t\t\t<section class=\"elementor-section elementor-top-section elementor-element elementor-element-aaca3b1 elementor-section-boxed elementor-section-height-default elementor-section-height-default\" data-id=\"aaca3b1\" data-element_type=\"section\" data-e-type=\"section\">\n\t\t\t\t\t\t<div class=\"elementor-container elementor-column-gap-default\">\n\t\t\t\t\t<div class=\"elementor-column elementor-col-50 elementor-top-column elementor-element elementor-element-f014b79\" data-id=\"f014b79\" data-element_type=\"column\" data-e-type=\"column\">\n\t\t\t<div class=\"elementor-widget-wrap elementor-element-populated\">\n\t\t\t\t\t\t<div class=\"elementor-element elementor-element-bebe635 elementor-widget elementor-widget-image\" data-id=\"bebe635\" data-element_type=\"widget\" data-e-type=\"widget\" data-widget_type=\"image.default\">\n\t\t\t\t<div class=\"elementor-widget-container\">\n\t\t\t\t\t\t\t\t\t\t\t\t\t\t\t\t<a href=\"https:\/\/fr.kunstloft.be\/15355-tapis-tacoma-grey\/\" target=\"_blank\">\n\t\t\t\t\t\t\t<img decoding=\"async\" src=\"https:\/\/fr.kunstloft.be\/magazine\/wp-content\/uploads\/2023\/07\/elementor\/thumbs\/carpet-round-q9vpkysgm89fdkiw4qgyt6thjevoz9orr9xem7fm10.jpg\" title=\"carpet-round\" alt=\"carpet-round\" class=\"elementor-animation-grow\" loading=\"lazy\" \/>\t\t\t\t\t\t\t\t<\/a>\n\t\t\t\t\t\t\t\t\t\t\t\t\t\t\t<\/div>\n\t\t\t\t<\/div>\n\t\t\t\t<div class=\"elementor-element elementor-element-8383a64 elementor-widget elementor-widget-text-editor\" data-id=\"8383a64\" data-element_type=\"widget\" data-e-type=\"widget\" data-widget_type=\"text-editor.default\">\n\t\t\t\t<div class=\"elementor-widget-container\">\n\t\t\t\t\t\t\t\t\t<p style=\"text-align: center;\"><a style=\"background-color: #ffffff; font-size: 14px; text-align: center;\" href=\"https:\/\/fr.kunstloft.be\/15355-tapis-tacoma-grey\/\"><span style=\"font-weight: bold;\">Design Tapis rond Tacoma Gris\u00a0<\/span><\/a><\/p>\t\t\t\t\t\t\t\t<\/div>\n\t\t\t\t<\/div>\n\t\t\t\t\t<\/div>\n\t\t<\/div>\n\t\t\t\t<div class=\"elementor-column elementor-col-50 elementor-top-column elementor-element elementor-element-d8a1231\" data-id=\"d8a1231\" data-element_type=\"column\" data-e-type=\"column\">\n\t\t\t<div class=\"elementor-widget-wrap elementor-element-populated\">\n\t\t\t\t\t\t<div class=\"elementor-element elementor-element-cc224a5 elementor-widget elementor-widget-text-editor\" data-id=\"cc224a5\" data-element_type=\"widget\" data-e-type=\"widget\" data-widget_type=\"text-editor.default\">\n\t\t\t\t<div class=\"elementor-widget-container\">\n\t\t\t\t\t\t\t\t\t<p><a href=\"https:\/\/fr.kunstloft.be\/tapis-ronds\/\">Tapis ronds <\/a> rompent les lignes droites dans le salon, \u00e9gayent visuellement et sont une alternative rafra\u00eechissante au format rectangulaire. De plus, vous \u00eates tr\u00e8s tendance ! Si vous avez une table basse ronde, vous pouvez la mettre en valeur avec un tapis de la m\u00eame forme et cr\u00e9er ainsi un point fort. Placez le canap\u00e9 et les fauteuils tout autour et cr\u00e9ez ainsi un ensemble \u00e9quilibr\u00e9.<\/p>\t\t\t\t\t\t\t\t<\/div>\n\t\t\t\t<\/div>\n\t\t\t\t\t<\/div>\n\t\t<\/div>\n\t\t\t\t\t<\/div>\n\t\t<\/section>\n\t\t\t\t<section class=\"elementor-section elementor-top-section elementor-element elementor-element-9805c70 elementor-section-boxed elementor-section-height-default elementor-section-height-default\" data-id=\"9805c70\" data-element_type=\"section\" data-e-type=\"section\">\n\t\t\t\t\t\t<div class=\"elementor-container elementor-column-gap-default\">\n\t\t\t\t\t<div class=\"elementor-column elementor-col-100 elementor-top-column elementor-element elementor-element-84b7a56\" data-id=\"84b7a56\" data-element_type=\"column\" data-e-type=\"column\">\n\t\t\t<div class=\"elementor-widget-wrap elementor-element-populated\">\n\t\t\t\t\t\t<div class=\"elementor-element elementor-element-a680c14 elementor-widget elementor-widget-heading\" data-id=\"a680c14\" data-element_type=\"widget\" data-e-type=\"widget\" id=\"farbemuster\" data-widget_type=\"heading.default\">\n\t\t\t\t<div class=\"elementor-widget-container\">\n\t\t\t\t\t<h3 class=\"elementor-heading-title elementor-size-medium\">Couleur et motifs : discrets ou voyants ?<\/h3>\t\t\t\t<\/div>\n\t\t\t\t<\/div>\n\t\t\t\t\t<\/div>\n\t\t<\/div>\n\t\t\t\t\t<\/div>\n\t\t<\/section>\n\t\t\t\t<section class=\"elementor-section elementor-top-section elementor-element elementor-element-35026b0 elementor-section-boxed elementor-section-height-default elementor-section-height-default\" data-id=\"35026b0\" data-element_type=\"section\" data-e-type=\"section\">\n\t\t\t\t\t\t<div class=\"elementor-container elementor-column-gap-default\">\n\t\t\t\t\t<div class=\"elementor-column elementor-col-100 elementor-top-column elementor-element elementor-element-40a97d1\" data-id=\"40a97d1\" data-element_type=\"column\" data-e-type=\"column\">\n\t\t\t<div class=\"elementor-widget-wrap elementor-element-populated\">\n\t\t\t\t\t\t<div class=\"elementor-element elementor-element-b0f0eb4 elementor-widget elementor-widget-text-editor\" data-id=\"b0f0eb4\" data-element_type=\"widget\" data-e-type=\"widget\" data-widget_type=\"text-editor.default\">\n\t\t\t\t<div class=\"elementor-widget-container\">\n\t\t\t\t\t\t\t\t\t<p>En principe, le tapis doit \u00eatre assorti au reste de votre int\u00e9rieur afin de cr\u00e9er un concept global harmonieux. Tenez donc compte des couleurs des murs, des meubles, de la d\u00e9coration et du sol. Si votre int\u00e9rieur est plut\u00f4t dans des couleurs neutres et claires, vous pouvez opter pour un tapis ton sur ton en beige ou en gris. Votre salon deviendra ainsi une oasis dont les tons discrets \u00e9voquent le calme et la clart\u00e9.. <a href=\"https:\/\/fr.kunstloft.be\/tapis-tons-clairs\/\">Tapis clairs<\/a> agrandissent visuellement l&rsquo;espace et sont donc un bon choix pour les petites chambres.<\/p><p>Vous pouvez \u00e9galement mettre volontairement l&rsquo;accent sur des couleurs vives comme le rouge ou le bleu, qui donneront du caract\u00e8re \u00e0 votre salon. Pour que le contraste ne soit pas trop fort, la couleur du tapis doit d\u00e9j\u00e0 \u00eatre pr\u00e9sente dans la d\u00e9coration, par exemple dans les coussins du canap\u00e9 ou les tableaux muraux.<\/p><p>Les tapis \u00e0 motifs voyants sont une d\u00e9claration de style et donnent du peps \u00e0 votre salon. Les tapis graphiques avec des motifs g\u00e9om\u00e9triques font par exemple partie des tendances les plus en vogue. Toutefois, comme ils r\u00e9duisent visuellement l&rsquo;espace, ils conviennent plut\u00f4t aux pi\u00e8ces spacieuses et \u00e0 l&rsquo;am\u00e9nagement minimaliste. Les tapis \u00e0 motifs l\u00e9gers ou chin\u00e9s sont un choix plus discret. Ils sont moins sensibles aux taches et sont donc recommand\u00e9s si vous avez de jeunes enfants ou des animaux domestiques.<\/p>\t\t\t\t\t\t\t\t<\/div>\n\t\t\t\t<\/div>\n\t\t\t\t\t<\/div>\n\t\t<\/div>\n\t\t\t\t\t<\/div>\n\t\t<\/section>\n\t\t\t\t<section class=\"elementor-section elementor-top-section elementor-element elementor-element-1ec4f58 elementor-section-boxed elementor-section-height-default elementor-section-height-default\" data-id=\"1ec4f58\" data-element_type=\"section\" data-e-type=\"section\">\n\t\t\t\t\t\t<div class=\"elementor-container elementor-column-gap-default\">\n\t\t\t\t\t<div class=\"elementor-column elementor-col-50 elementor-top-column elementor-element elementor-element-114ac15\" data-id=\"114ac15\" data-element_type=\"column\" data-e-type=\"column\">\n\t\t\t<div class=\"elementor-widget-wrap elementor-element-populated\">\n\t\t\t\t\t\t<div class=\"elementor-element elementor-element-b9d7a2d elementor-widget elementor-widget-image\" data-id=\"b9d7a2d\" data-element_type=\"widget\" data-e-type=\"widget\" data-widget_type=\"image.default\">\n\t\t\t\t<div class=\"elementor-widget-container\">\n\t\t\t\t\t\t\t\t\t\t\t\t\t\t\t\t<a href=\"https:\/\/fr.kunstloft.be\/15810-tapis-dessert-multicolour\/\" target=\"_blank\">\n\t\t\t\t\t\t\t<img fetchpriority=\"high\" decoding=\"async\" width=\"225\" height=\"300\" src=\"https:\/\/fr.kunstloft.be\/magazine\/wp-content\/uploads\/2023\/07\/carpet-pattern-225x300.jpg\" class=\"elementor-animation-grow attachment-medium size-medium wp-image-5455\" alt=\"\" srcset=\"https:\/\/fr.kunstloft.be\/magazine\/wp-content\/uploads\/2023\/07\/carpet-pattern-225x300.jpg 225w, https:\/\/fr.kunstloft.be\/magazine\/wp-content\/uploads\/2023\/07\/carpet-pattern-768x1024.jpg 768w, https:\/\/fr.kunstloft.be\/magazine\/wp-content\/uploads\/2023\/07\/carpet-pattern-1152x1536.jpg 1152w, https:\/\/fr.kunstloft.be\/magazine\/wp-content\/uploads\/2023\/07\/carpet-pattern-1536x2048.jpg 1536w, https:\/\/fr.kunstloft.be\/magazine\/wp-content\/uploads\/2023\/07\/carpet-pattern.jpg 1920w\" sizes=\"100vw\" \/>\t\t\t\t\t\t\t\t<\/a>\n\t\t\t\t\t\t\t\t\t\t\t\t\t\t\t<\/div>\n\t\t\t\t<\/div>\n\t\t\t\t<div class=\"elementor-element elementor-element-2274118 elementor-widget elementor-widget-text-editor\" data-id=\"2274118\" data-element_type=\"widget\" data-e-type=\"widget\" data-widget_type=\"text-editor.default\">\n\t\t\t\t<div class=\"elementor-widget-container\">\n\t\t\t\t\t\t\t\t\t<p style=\"text-align: center;\"><a style=\"background-color: #ffffff; font-size: 14px; text-align: center;\" href=\"https:\/\/fr.kunstloft.be\/15810-tapis-dessert-multicolour\/\"><span style=\"font-weight: bold;\">Tapis design Dessert Color\u00e9\u00a0<\/span><\/a><\/p>\t\t\t\t\t\t\t\t<\/div>\n\t\t\t\t<\/div>\n\t\t\t\t\t<\/div>\n\t\t<\/div>\n\t\t\t\t<div class=\"elementor-column elementor-col-50 elementor-top-column elementor-element elementor-element-3524a6c\" data-id=\"3524a6c\" data-element_type=\"column\" data-e-type=\"column\">\n\t\t\t<div class=\"elementor-widget-wrap elementor-element-populated\">\n\t\t\t\t\t\t<div class=\"elementor-element elementor-element-490af06 elementor-widget elementor-widget-image\" data-id=\"490af06\" data-element_type=\"widget\" data-e-type=\"widget\" data-widget_type=\"image.default\">\n\t\t\t\t<div class=\"elementor-widget-container\">\n\t\t\t\t\t\t\t\t\t\t\t\t\t\t\t\t<a href=\"https:\/\/fr.kunstloft.be\/15224-tapis-nazar-creamgrey\/\" target=\"_blank\">\n\t\t\t\t\t\t\t<img decoding=\"async\" width=\"225\" height=\"300\" src=\"https:\/\/fr.kunstloft.be\/magazine\/wp-content\/uploads\/2023\/07\/carpet-decent-225x300.jpg\" class=\"elementor-animation-grow attachment-medium size-medium wp-image-5457\" alt=\"\" srcset=\"https:\/\/fr.kunstloft.be\/magazine\/wp-content\/uploads\/2023\/07\/carpet-decent-225x300.jpg 225w, https:\/\/fr.kunstloft.be\/magazine\/wp-content\/uploads\/2023\/07\/carpet-decent-768x1024.jpg 768w, https:\/\/fr.kunstloft.be\/magazine\/wp-content\/uploads\/2023\/07\/carpet-decent-1152x1536.jpg 1152w, https:\/\/fr.kunstloft.be\/magazine\/wp-content\/uploads\/2023\/07\/carpet-decent-1536x2048.jpg 1536w, https:\/\/fr.kunstloft.be\/magazine\/wp-content\/uploads\/2023\/07\/carpet-decent.jpg 1920w\" sizes=\"100vw\" \/>\t\t\t\t\t\t\t\t<\/a>\n\t\t\t\t\t\t\t\t\t\t\t\t\t\t\t<\/div>\n\t\t\t\t<\/div>\n\t\t\t\t<div class=\"elementor-element elementor-element-3a3903d elementor-widget elementor-widget-text-editor\" data-id=\"3a3903d\" data-element_type=\"widget\" data-e-type=\"widget\" data-widget_type=\"text-editor.default\">\n\t\t\t\t<div class=\"elementor-widget-container\">\n\t\t\t\t\t\t\t\t\t<p style=\"text-align: center;\"><a style=\"background-color: #ffffff; font-size: 14px; text-align: center;\" href=\"https:\/\/fr.kunstloft.be\/15224-tapis-nazar-creamgrey\/\"><span style=\"font-weight: bold;\">Tapis en laine design Nazar Beige\/Gris\u00a0<\/span><\/a><\/p>\t\t\t\t\t\t\t\t<\/div>\n\t\t\t\t<\/div>\n\t\t\t\t\t<\/div>\n\t\t<\/div>\n\t\t\t\t\t<\/div>\n\t\t<\/section>\n\t\t\t\t<section class=\"elementor-section elementor-top-section elementor-element elementor-element-045d176 elementor-section-boxed elementor-section-height-default elementor-section-height-default\" data-id=\"045d176\" data-element_type=\"section\" data-e-type=\"section\">\n\t\t\t\t\t\t<div class=\"elementor-container elementor-column-gap-default\">\n\t\t\t\t\t<div class=\"elementor-column elementor-col-100 elementor-top-column elementor-element elementor-element-fe8139b\" data-id=\"fe8139b\" data-element_type=\"column\" data-e-type=\"column\">\n\t\t\t<div class=\"elementor-widget-wrap elementor-element-populated\">\n\t\t\t\t\t\t<div class=\"elementor-element elementor-element-9a0c72f elementor-widget elementor-widget-spacer\" data-id=\"9a0c72f\" data-element_type=\"widget\" data-e-type=\"widget\" data-widget_type=\"spacer.default\">\n\t\t\t\t<div class=\"elementor-widget-container\">\n\t\t\t\t\t\t\t<div class=\"elementor-spacer\">\n\t\t\t<div class=\"elementor-spacer-inner\"><\/div>\n\t\t<\/div>\n\t\t\t\t\t\t<\/div>\n\t\t\t\t<\/div>\n\t\t\t\t\t<\/div>\n\t\t<\/div>\n\t\t\t\t\t<\/div>\n\t\t<\/section>\n\t\t\t\t<section class=\"elementor-section elementor-top-section elementor-element elementor-element-2ae4f69 elementor-section-boxed elementor-section-height-default elementor-section-height-default\" data-id=\"2ae4f69\" data-element_type=\"section\" data-e-type=\"section\">\n\t\t\t\t\t\t<div class=\"elementor-container elementor-column-gap-default\">\n\t\t\t\t\t<div class=\"elementor-column elementor-col-100 elementor-top-column elementor-element elementor-element-3389397\" data-id=\"3389397\" data-element_type=\"column\" data-e-type=\"column\">\n\t\t\t<div class=\"elementor-widget-wrap elementor-element-populated\">\n\t\t\t\t\t\t<div class=\"elementor-element elementor-element-d1682b6 elementor-widget elementor-widget-heading\" data-id=\"d1682b6\" data-element_type=\"widget\" data-e-type=\"widget\" id=\"teppichplatzierung\" data-widget_type=\"heading.default\">\n\t\t\t\t<div class=\"elementor-widget-container\">\n\t\t\t\t\t<h2 class=\"elementor-heading-title elementor-size-large\">Quel est le meilleur endroit pour placer le tapis ?<\/h2>\t\t\t\t<\/div>\n\t\t\t\t<\/div>\n\t\t\t\t\t<\/div>\n\t\t<\/div>\n\t\t\t\t\t<\/div>\n\t\t<\/section>\n\t\t\t\t<section class=\"elementor-section elementor-top-section elementor-element elementor-element-e5f3f51 elementor-section-boxed elementor-section-height-default elementor-section-height-default\" data-id=\"e5f3f51\" data-element_type=\"section\" data-e-type=\"section\">\n\t\t\t\t\t\t<div class=\"elementor-container elementor-column-gap-default\">\n\t\t\t\t\t<div class=\"elementor-column elementor-col-100 elementor-top-column elementor-element elementor-element-a21b2b1\" data-id=\"a21b2b1\" data-element_type=\"column\" data-e-type=\"column\">\n\t\t\t<div class=\"elementor-widget-wrap elementor-element-populated\">\n\t\t\t\t\t\t<div class=\"elementor-element elementor-element-1de8868 elementor-widget elementor-widget-text-editor\" data-id=\"1de8868\" data-element_type=\"widget\" data-e-type=\"widget\" data-widget_type=\"text-editor.default\">\n\t\t\t\t<div class=\"elementor-widget-container\">\n\t\t\t\t\t\t\t\t\t<p>La taille de votre salon joue un r\u00f4le d\u00e9cisif dans le positionnement du tapis par rapport aux meubles. Si la pi\u00e8ce est petite, il est pr\u00e9f\u00e9rable de n&rsquo;y placer que la table basse. Dans un salon de taille petite \u00e0 moyenne, il est recommand\u00e9 de placer \u00e9galement le tapis sous les bords avant des si\u00e8ges afin de cr\u00e9er une unit\u00e9 visuelle. Dans un grand salon, vous pouvez placer le canap\u00e9, le fauteuil et la table basse enti\u00e8rement sur le tapis. Pour que l&rsquo;ensemble ne donne pas l&rsquo;impression d&rsquo;\u00eatre comprim\u00e9, vous devez laisser suffisamment d&rsquo;espace entre les diff\u00e9rents meubles. En cons\u00e9quence, le tapis doit \u00eatre suffisamment grand.<\/p>\t\t\t\t\t\t\t\t<\/div>\n\t\t\t\t<\/div>\n\t\t\t\t\t<\/div>\n\t\t<\/div>\n\t\t\t\t\t<\/div>\n\t\t<\/section>\n\t\t\t\t<section class=\"elementor-section elementor-top-section elementor-element elementor-element-5cf0c67 elementor-section-boxed elementor-section-height-default elementor-section-height-default\" data-id=\"5cf0c67\" data-element_type=\"section\" data-e-type=\"section\">\n\t\t\t\t\t\t<div class=\"elementor-container elementor-column-gap-default\">\n\t\t\t\t\t<div class=\"elementor-column elementor-col-100 elementor-top-column elementor-element elementor-element-f55b147\" data-id=\"f55b147\" data-element_type=\"column\" data-e-type=\"column\">\n\t\t\t<div class=\"elementor-widget-wrap elementor-element-populated\">\n\t\t\t\t\t\t<div class=\"elementor-element elementor-element-7467fdd elementor-widget elementor-widget-heading\" data-id=\"7467fdd\" data-element_type=\"widget\" data-e-type=\"widget\" id=\"teppichreinigung\" data-widget_type=\"heading.default\">\n\t\t\t\t<div class=\"elementor-widget-container\">\n\t\t\t\t\t<h2 class=\"elementor-heading-title elementor-size-large\">Nettoyer et entretenir le tapis<\/h2>\t\t\t\t<\/div>\n\t\t\t\t<\/div>\n\t\t\t\t\t<\/div>\n\t\t<\/div>\n\t\t\t\t\t<\/div>\n\t\t<\/section>\n\t\t\t\t<section class=\"elementor-section elementor-top-section elementor-element elementor-element-aeab19c elementor-section-boxed elementor-section-height-default elementor-section-height-default\" data-id=\"aeab19c\" data-element_type=\"section\" data-e-type=\"section\">\n\t\t\t\t\t\t<div class=\"elementor-container elementor-column-gap-default\">\n\t\t\t\t\t<div class=\"elementor-column elementor-col-100 elementor-top-column elementor-element elementor-element-af2a674\" data-id=\"af2a674\" data-element_type=\"column\" data-e-type=\"column\">\n\t\t\t<div class=\"elementor-widget-wrap elementor-element-populated\">\n\t\t\t\t\t\t<div class=\"elementor-element elementor-element-d6c0202 elementor-widget elementor-widget-text-editor\" data-id=\"d6c0202\" data-element_type=\"widget\" data-e-type=\"widget\" data-widget_type=\"text-editor.default\">\n\t\t\t\t<div class=\"elementor-widget-container\">\n\t\t\t\t\t\t\t\t\t<p>Um zu vermeiden, dass sich Staub und Schmutz festsetzen, sollten Sie den Teppich regelm\u00e4\u00dfig absaugen. Bei der weiteren Reinigung und der Beseitigung von Flecken kommt es auf das Material an. Kunstfaserteppiche k\u00f6nnen Sie mit g\u00e4ngigen Reinigungsmitteln wie Fl\u00fcssig- oder Gallseife und Wasser von leichten Verschmutzungen befreien. Bei hartn\u00e4ckigen Flecken empfiehlt sich eine professionelle Reinigung.<\/p><p>Wollteppiche sollten Sie m\u00f6glichst nur mit klarem Wasser ohne Seife reinigen, um die nat\u00fcrliche Fettschicht nicht zu zerst\u00f6ren. Baumwollteppiche sind h\u00e4ufig in der Waschmaschine waschbar. Sisalteppiche d\u00fcrfen Sie keinesfalls nass reinigen, da sich die empfindliche Naturfaser sonst verformen kann. Stattdessen sollten Sie hier auf trockene, mechanische Verfahren wie Ausklopfen und B\u00fcrsten setzen.<\/p>\t\t\t\t\t\t\t\t<\/div>\n\t\t\t\t<\/div>\n\t\t\t\t\t<\/div>\n\t\t<\/div>\n\t\t\t\t\t<\/div>\n\t\t<\/section>\n\t\t\t\t<section class=\"elementor-section elementor-top-section elementor-element elementor-element-ab84707 elementor-section-boxed elementor-section-height-default elementor-section-height-default\" data-id=\"ab84707\" data-element_type=\"section\" data-e-type=\"section\">\n\t\t\t\t\t\t<div class=\"elementor-container elementor-column-gap-default\">\n\t\t\t\t\t<div class=\"elementor-column elementor-col-100 elementor-top-column elementor-element elementor-element-dc77c74\" data-id=\"dc77c74\" data-element_type=\"column\" data-e-type=\"column\">\n\t\t\t<div class=\"elementor-widget-wrap elementor-element-populated\">\n\t\t\t\t\t\t<div class=\"elementor-element elementor-element-2e5644c elementor-widget elementor-widget-heading\" data-id=\"2e5644c\" data-element_type=\"widget\" data-e-type=\"widget\" id=\"teppichekl\" data-widget_type=\"heading.default\">\n\t\t\t\t<div class=\"elementor-widget-container\">\n\t\t\t\t\t<h2 class=\"elementor-heading-title elementor-size-large\">Un salon pour se sentir bien avec KunstLoft<\/h2>\t\t\t\t<\/div>\n\t\t\t\t<\/div>\n\t\t\t\t\t<\/div>\n\t\t<\/div>\n\t\t\t\t\t<\/div>\n\t\t<\/section>\n\t\t\t\t<section class=\"elementor-section elementor-top-section elementor-element elementor-element-68b45f3 elementor-section-boxed elementor-section-height-default elementor-section-height-default\" data-id=\"68b45f3\" data-element_type=\"section\" data-e-type=\"section\">\n\t\t\t\t\t\t<div class=\"elementor-container elementor-column-gap-default\">\n\t\t\t\t\t<div class=\"elementor-column elementor-col-100 elementor-top-column elementor-element elementor-element-958b866\" data-id=\"958b866\" data-element_type=\"column\" data-e-type=\"column\">\n\t\t\t<div class=\"elementor-widget-wrap elementor-element-populated\">\n\t\t\t\t\t\t<div class=\"elementor-element elementor-element-821cd62 elementor-widget elementor-widget-text-editor\" data-id=\"821cd62\" data-element_type=\"widget\" data-e-type=\"widget\" data-widget_type=\"text-editor.default\">\n\t\t\t\t<div class=\"elementor-widget-container\">\n\t\t\t\t\t\t\t\t\t<p>Chez KunstLoft, vous trouverez\u00a0 <a href=\"https:\/\/fr.kunstloft.be\/tapis\/\">Tapis <\/a> de diff\u00e9rents mat\u00e9riaux, de couleurs, de motifs, de tailles et de formes vari\u00e9s &#8211; il y a forc\u00e9ment celui qui convient \u00e0 votre salon ! Si vous souhaitez transformer compl\u00e8tement votre salon, notre magazine vous r\u00e9serve encore plus d&rsquo;inspiration :<\/p><ul><li><a href=\"https:\/\/fr.kunstloft.be\/magazine\/images-pour-le-salon\/\"><span data-sheets-value=\"{&quot;1&quot;:2,&quot;2&quot;:&quot;Images pour le salon: Id\u00e9es pour un design mural moderne&quot;}\" data-sheets-userformat=\"{&quot;2&quot;:899,&quot;3&quot;:{&quot;1&quot;:0},&quot;4&quot;:{&quot;1&quot;:2,&quot;2&quot;:16750848},&quot;10&quot;:1,&quot;11&quot;:4,&quot;12&quot;:0}\">Images pour le salon: Id\u00e9es pour un design mural moderne\u00a0<\/span><\/a><\/li><li><a href=\"https:\/\/fr.kunstloft.be\/magazine\/papier-peint-salon-idees\/\">Mettre l&rsquo;accent sur la d\u00e9coration : Id\u00e9es de papiers peints pour votre salon\u00a0<\/a><\/li><\/ul>\t\t\t\t\t\t\t\t<\/div>\n\t\t\t\t<\/div>\n\t\t\t\t\t<\/div>\n\t\t<\/div>\n\t\t\t\t\t<\/div>\n\t\t<\/section>\n\t\t\t\t<section class=\"elementor-section elementor-top-section elementor-element elementor-element-3fc798e elementor-section-boxed elementor-section-height-default elementor-section-height-default\" data-id=\"3fc798e\" data-element_type=\"section\" data-e-type=\"section\">\n\t\t\t\t\t\t<div class=\"elementor-container elementor-column-gap-default\">\n\t\t\t\t\t<div class=\"elementor-column elementor-col-100 elementor-top-column elementor-element elementor-element-ae9f3ff\" data-id=\"ae9f3ff\" data-element_type=\"column\" data-e-type=\"column\">\n\t\t\t<div class=\"elementor-widget-wrap elementor-element-populated\">\n\t\t\t\t\t\t<div class=\"elementor-element elementor-element-62a83f6 elementor-widget elementor-widget-spacer\" data-id=\"62a83f6\" data-element_type=\"widget\" data-e-type=\"widget\" data-widget_type=\"spacer.default\">\n\t\t\t\t<div class=\"elementor-widget-container\">\n\t\t\t\t\t\t\t<div class=\"elementor-spacer\">\n\t\t\t<div class=\"elementor-spacer-inner\"><\/div>\n\t\t<\/div>\n\t\t\t\t\t\t<\/div>\n\t\t\t\t<\/div>\n\t\t\t\t\t<\/div>\n\t\t<\/div>\n\t\t\t\t\t<\/div>\n\t\t<\/section>\n\t\t\t\t<section class=\"elementor-section elementor-top-section elementor-element elementor-element-07bab00 elementor-section-boxed elementor-section-height-default elementor-section-height-default\" data-id=\"07bab00\" data-element_type=\"section\" data-e-type=\"section\">\n\t\t\t\t\t\t<div class=\"elementor-container elementor-column-gap-default\">\n\t\t\t\t\t<div class=\"elementor-column elementor-col-100 elementor-top-column elementor-element elementor-element-8a5c8ce\" data-id=\"8a5c8ce\" data-element_type=\"column\" data-e-type=\"column\" data-settings=\"{&quot;background_background&quot;:&quot;classic&quot;}\">\n\t\t\t<div class=\"elementor-widget-wrap elementor-element-populated\">\n\t\t\t\t\t\t<div class=\"elementor-element elementor-element-4744a4d elementor-widget elementor-widget-text-editor\" data-id=\"4744a4d\" data-element_type=\"widget\" data-e-type=\"widget\" data-widget_type=\"text-editor.default\">\n\t\t\t\t<div class=\"elementor-widget-container\">\n\t\t\t\t\t\t\t\t\t<p><b>Cr\u00e9dits photos<\/b> : Couverture : Michiel Annaert &#8211; Unsplash ; photo 1 et photo 2 : @KunstLoft ; image 3 : Spacejoy &#8211; Unsplash ; image 4 : Yehleen Gaffney &#8211; Unsplash ; image 5, image 6, image 7, image 8 : @KunstLoft<\/p>\t\t\t\t\t\t\t\t<\/div>\n\t\t\t\t<\/div>\n\t\t\t\t\t<\/div>\n\t\t<\/div>\n\t\t\t\t\t<\/div>\n\t\t<\/section>\n\t\t\t\t<\/div>\n\t\t","protected":false},"excerpt":{"rendered":"<p>Dans le salon, vous vous installez confortablement sur le canap\u00e9 apr\u00e8s une longue journ\u00e9e, vous vibrez devant une s\u00e9rie passionnante ou vous passez des moments conviviaux avec vos amis et votre famille. C&rsquo;est pourquoi le c\u0153ur de votre maison doit \u00eatre un lieu de bien-\u00eatre. Avec des tapis, vous cr\u00e9ez en un clin d&rsquo;\u0153il une atmosph\u00e8re chaleureuse, compl\u00e9tez votre style d&rsquo;am\u00e9nagement ou apportez des touches de fra\u00eecheur. Nous vous donnons des conseils pour choisir le tapis parfait pour votre salon parmi l&rsquo;offre immense.<\/p>\n","protected":false},"author":8,"featured_media":5461,"comment_status":"closed","ping_status":"open","sticky":false,"template":"","format":"standard","meta":{"footnotes":""},"categories":[3],"tags":[],"class_list":["post-1752","post","type-post","status-publish","format-standard","has-post-thumbnail","hentry","category-decorer-et-amenager"],"yoast_head":"<!-- This site is optimized with the Yoast SEO plugin v27.2 - https:\/\/yoast.com\/product\/yoast-seo-wordpress\/ -->\n<title>Le tapis parfait pour le salon : conseils et id\u00e9es<\/title>\n<meta name=\"description\" content=\"Quel tapis pour le salon ? Conseils sur \u2713 les mat\u00e9riaux \u2713 la couleur et les motifs \u2713 la forme \u2713 la taille \u2713 le nettoyage \u25ba Laissez-vous inspirer maintenant !\" \/>\n<meta name=\"robots\" content=\"index, follow, max-snippet:-1, max-image-preview:large, max-video-preview:-1\" \/>\n<link rel=\"canonical\" href=\"https:\/\/fr.kunstloft.be\/magazine\/tapis-salon-idees\/\" \/>\n<meta property=\"og:locale\" content=\"fr_FR\" \/>\n<meta property=\"og:type\" content=\"article\" \/>\n<meta property=\"og:title\" content=\"Le tapis parfait pour le salon : conseils et id\u00e9es\" \/>\n<meta property=\"og:description\" content=\"Quel tapis pour le salon ? Conseils sur \u2713 les mat\u00e9riaux \u2713 la couleur et les motifs \u2713 la forme \u2713 la taille \u2713 le nettoyage \u25ba Laissez-vous inspirer maintenant !\" \/>\n<meta property=\"og:url\" content=\"https:\/\/fr.kunstloft.be\/magazine\/tapis-salon-idees\/\" \/>\n<meta property=\"og:site_name\" content=\"KUNSTLOFT\" \/>\n<meta property=\"article:publisher\" content=\"https:\/\/www.facebook.com\/kunstloft.fr\/\" \/>\n<meta property=\"article:published_time\" content=\"2022-12-30T11:54:00+00:00\" \/>\n<meta property=\"article:modified_time\" content=\"2023-08-16T08:09:05+00:00\" \/>\n<meta property=\"og:image\" content=\"https:\/\/fr.kunstloft.be\/wordpress\/fr_FR\/be\/wp-content\/uploads\/2023\/07\/cover-scaled-1.jpg\" \/>\n\t<meta property=\"og:image:width\" content=\"2560\" \/>\n\t<meta property=\"og:image:height\" content=\"1164\" \/>\n\t<meta property=\"og:image:type\" content=\"image\/jpeg\" \/>\n<meta name=\"author\" content=\"Amelie\" \/>\n<meta name=\"twitter:card\" content=\"summary_large_image\" \/>\n<meta name=\"twitter:label1\" content=\"\u00c9crit par\" \/>\n\t<meta name=\"twitter:data1\" content=\"Amelie\" \/>\n\t<meta name=\"twitter:label2\" content=\"Dur\u00e9e de lecture est.\" \/>\n\t<meta name=\"twitter:data2\" content=\"9 minutes\" \/>\n<script type=\"application\/ld+json\" class=\"yoast-schema-graph\">{\"@context\":\"https:\/\/schema.org\",\"@graph\":[{\"@type\":\"Article\",\"@id\":\"https:\/\/fr.kunstloft.be\/magazine\/tapis-salon-idees\/#article\",\"isPartOf\":{\"@id\":\"https:\/\/fr.kunstloft.be\/magazine\/tapis-salon-idees\/\"},\"author\":{\"name\":\"Amelie\",\"@id\":\"https:\/\/fr.kunstloft.be\/magazine\/#\/schema\/person\/f6611bddabd23e7eddbbeb2600df6454\"},\"headline\":\"Confort et individualit\u00e9: des tapis pour votre salon\",\"datePublished\":\"2022-12-30T11:54:00+00:00\",\"dateModified\":\"2023-08-16T08:09:05+00:00\",\"mainEntityOfPage\":{\"@id\":\"https:\/\/fr.kunstloft.be\/magazine\/tapis-salon-idees\/\"},\"wordCount\":1565,\"publisher\":{\"@id\":\"https:\/\/fr.kunstloft.be\/magazine\/#organization\"},\"image\":{\"@id\":\"https:\/\/fr.kunstloft.be\/magazine\/tapis-salon-idees\/#primaryimage\"},\"thumbnailUrl\":\"https:\/\/fr.kunstloft.be\/magazine\/wp-content\/uploads\/2023\/07\/cover-scaled-1.jpg\",\"articleSection\":[\"D\u00e9corer &amp; am\u00e9nager\"],\"inLanguage\":\"fr-BE\"},{\"@type\":\"WebPage\",\"@id\":\"https:\/\/fr.kunstloft.be\/magazine\/tapis-salon-idees\/\",\"url\":\"https:\/\/fr.kunstloft.be\/magazine\/tapis-salon-idees\/\",\"name\":\"Le tapis parfait pour le salon : conseils et id\u00e9es\",\"isPartOf\":{\"@id\":\"https:\/\/fr.kunstloft.be\/magazine\/#website\"},\"primaryImageOfPage\":{\"@id\":\"https:\/\/fr.kunstloft.be\/magazine\/tapis-salon-idees\/#primaryimage\"},\"image\":{\"@id\":\"https:\/\/fr.kunstloft.be\/magazine\/tapis-salon-idees\/#primaryimage\"},\"thumbnailUrl\":\"https:\/\/fr.kunstloft.be\/magazine\/wp-content\/uploads\/2023\/07\/cover-scaled-1.jpg\",\"datePublished\":\"2022-12-30T11:54:00+00:00\",\"dateModified\":\"2023-08-16T08:09:05+00:00\",\"description\":\"Quel tapis pour le salon ? Conseils sur \u2713 les mat\u00e9riaux \u2713 la couleur et les motifs \u2713 la forme \u2713 la taille \u2713 le nettoyage \u25ba Laissez-vous inspirer maintenant !\",\"breadcrumb\":{\"@id\":\"https:\/\/fr.kunstloft.be\/magazine\/tapis-salon-idees\/#breadcrumb\"},\"inLanguage\":\"fr-BE\",\"potentialAction\":[{\"@type\":\"ReadAction\",\"target\":[\"https:\/\/fr.kunstloft.be\/magazine\/tapis-salon-idees\/\"]}]},{\"@type\":\"ImageObject\",\"inLanguage\":\"fr-BE\",\"@id\":\"https:\/\/fr.kunstloft.be\/magazine\/tapis-salon-idees\/#primaryimage\",\"url\":\"https:\/\/fr.kunstloft.be\/magazine\/wp-content\/uploads\/2023\/07\/cover-scaled-1.jpg\",\"contentUrl\":\"https:\/\/fr.kunstloft.be\/magazine\/wp-content\/uploads\/2023\/07\/cover-scaled-1.jpg\",\"width\":2560,\"height\":1164},{\"@type\":\"BreadcrumbList\",\"@id\":\"https:\/\/fr.kunstloft.be\/magazine\/tapis-salon-idees\/#breadcrumb\",\"itemListElement\":[{\"@type\":\"ListItem\",\"position\":1,\"name\":\"Home\",\"item\":\"https:\/\/fr.kunstloft.be\/magazine\/\"},{\"@type\":\"ListItem\",\"position\":2,\"name\":\"Confort et individualit\u00e9: des tapis pour votre salon\"}]},{\"@type\":\"WebSite\",\"@id\":\"https:\/\/fr.kunstloft.be\/magazine\/#website\",\"url\":\"https:\/\/fr.kunstloft.be\/magazine\/\",\"name\":\"KUNSTLOFT\",\"description\":\"Magazine\",\"publisher\":{\"@id\":\"https:\/\/fr.kunstloft.be\/magazine\/#organization\"},\"potentialAction\":[{\"@type\":\"SearchAction\",\"target\":{\"@type\":\"EntryPoint\",\"urlTemplate\":\"https:\/\/fr.kunstloft.be\/magazine\/?s={search_term_string}\"},\"query-input\":{\"@type\":\"PropertyValueSpecification\",\"valueRequired\":true,\"valueName\":\"search_term_string\"}}],\"inLanguage\":\"fr-BE\"},{\"@type\":\"Organization\",\"@id\":\"https:\/\/fr.kunstloft.be\/magazine\/#organization\",\"name\":\"KUNSTLOFT\",\"url\":\"https:\/\/fr.kunstloft.be\/magazine\/\",\"logo\":{\"@type\":\"ImageObject\",\"inLanguage\":\"fr-BE\",\"@id\":\"https:\/\/fr.kunstloft.be\/magazine\/#\/schema\/logo\/image\/\",\"url\":\"https:\/\/fr.kunstloft.be\/wordpress\/fr_FR\/be\/wp-content\/uploads\/2023\/06\/Logo-Kunstloft-377x377-1.png\",\"contentUrl\":\"https:\/\/fr.kunstloft.be\/wordpress\/fr_FR\/be\/wp-content\/uploads\/2023\/06\/Logo-Kunstloft-377x377-1.png\",\"width\":377,\"height\":377,\"caption\":\"KUNSTLOFT\"},\"image\":{\"@id\":\"https:\/\/fr.kunstloft.be\/magazine\/#\/schema\/logo\/image\/\"},\"sameAs\":[\"https:\/\/www.facebook.com\/kunstloft.fr\/\",\"https:\/\/www.instagram.com\/kunstloft\/\"]},{\"@type\":\"Person\",\"@id\":\"https:\/\/fr.kunstloft.be\/magazine\/#\/schema\/person\/f6611bddabd23e7eddbbeb2600df6454\",\"name\":\"Amelie\",\"image\":{\"@type\":\"ImageObject\",\"inLanguage\":\"fr-BE\",\"@id\":\"https:\/\/secure.gravatar.com\/avatar\/660c17c783d9cac86adb9970bb0a28dfcbaa9ba30c86daabbee650bc82929739?s=96&d=mm&r=g\",\"url\":\"https:\/\/secure.gravatar.com\/avatar\/660c17c783d9cac86adb9970bb0a28dfcbaa9ba30c86daabbee650bc82929739?s=96&d=mm&r=g\",\"contentUrl\":\"https:\/\/secure.gravatar.com\/avatar\/660c17c783d9cac86adb9970bb0a28dfcbaa9ba30c86daabbee650bc82929739?s=96&d=mm&r=g\",\"caption\":\"Amelie\"},\"url\":\"https:\/\/fr.kunstloft.be\/magazine\/author\/amelieb\/\"}]}<\/script>\n<!-- \/ Yoast SEO plugin. -->","yoast_head_json":{"title":"Le tapis parfait pour le salon : conseils et id\u00e9es","description":"Quel tapis pour le salon ? Conseils sur \u2713 les mat\u00e9riaux \u2713 la couleur et les motifs \u2713 la forme \u2713 la taille \u2713 le nettoyage \u25ba Laissez-vous inspirer maintenant !","robots":{"index":"index","follow":"follow","max-snippet":"max-snippet:-1","max-image-preview":"max-image-preview:large","max-video-preview":"max-video-preview:-1"},"canonical":"https:\/\/fr.kunstloft.be\/magazine\/tapis-salon-idees\/","og_locale":"fr_FR","og_type":"article","og_title":"Le tapis parfait pour le salon : conseils et id\u00e9es","og_description":"Quel tapis pour le salon ? Conseils sur \u2713 les mat\u00e9riaux \u2713 la couleur et les motifs \u2713 la forme \u2713 la taille \u2713 le nettoyage \u25ba Laissez-vous inspirer maintenant !","og_url":"https:\/\/fr.kunstloft.be\/magazine\/tapis-salon-idees\/","og_site_name":"KUNSTLOFT","article_publisher":"https:\/\/www.facebook.com\/kunstloft.fr\/","article_published_time":"2022-12-30T11:54:00+00:00","article_modified_time":"2023-08-16T08:09:05+00:00","og_image":[{"width":2560,"height":1164,"url":"https:\/\/fr.kunstloft.be\/wordpress\/fr_FR\/be\/wp-content\/uploads\/2023\/07\/cover-scaled-1.jpg","type":"image\/jpeg"}],"author":"Amelie","twitter_card":"summary_large_image","twitter_misc":{"\u00c9crit par":"Amelie","Dur\u00e9e de lecture est.":"9 minutes"},"schema":{"@context":"https:\/\/schema.org","@graph":[{"@type":"Article","@id":"https:\/\/fr.kunstloft.be\/magazine\/tapis-salon-idees\/#article","isPartOf":{"@id":"https:\/\/fr.kunstloft.be\/magazine\/tapis-salon-idees\/"},"author":{"name":"Amelie","@id":"https:\/\/fr.kunstloft.be\/magazine\/#\/schema\/person\/f6611bddabd23e7eddbbeb2600df6454"},"headline":"Confort et individualit\u00e9: des tapis pour votre salon","datePublished":"2022-12-30T11:54:00+00:00","dateModified":"2023-08-16T08:09:05+00:00","mainEntityOfPage":{"@id":"https:\/\/fr.kunstloft.be\/magazine\/tapis-salon-idees\/"},"wordCount":1565,"publisher":{"@id":"https:\/\/fr.kunstloft.be\/magazine\/#organization"},"image":{"@id":"https:\/\/fr.kunstloft.be\/magazine\/tapis-salon-idees\/#primaryimage"},"thumbnailUrl":"https:\/\/fr.kunstloft.be\/magazine\/wp-content\/uploads\/2023\/07\/cover-scaled-1.jpg","articleSection":["D\u00e9corer &amp; am\u00e9nager"],"inLanguage":"fr-BE"},{"@type":"WebPage","@id":"https:\/\/fr.kunstloft.be\/magazine\/tapis-salon-idees\/","url":"https:\/\/fr.kunstloft.be\/magazine\/tapis-salon-idees\/","name":"Le tapis parfait pour le salon : conseils et id\u00e9es","isPartOf":{"@id":"https:\/\/fr.kunstloft.be\/magazine\/#website"},"primaryImageOfPage":{"@id":"https:\/\/fr.kunstloft.be\/magazine\/tapis-salon-idees\/#primaryimage"},"image":{"@id":"https:\/\/fr.kunstloft.be\/magazine\/tapis-salon-idees\/#primaryimage"},"thumbnailUrl":"https:\/\/fr.kunstloft.be\/magazine\/wp-content\/uploads\/2023\/07\/cover-scaled-1.jpg","datePublished":"2022-12-30T11:54:00+00:00","dateModified":"2023-08-16T08:09:05+00:00","description":"Quel tapis pour le salon ? Conseils sur \u2713 les mat\u00e9riaux \u2713 la couleur et les motifs \u2713 la forme \u2713 la taille \u2713 le nettoyage \u25ba Laissez-vous inspirer maintenant !","breadcrumb":{"@id":"https:\/\/fr.kunstloft.be\/magazine\/tapis-salon-idees\/#breadcrumb"},"inLanguage":"fr-BE","potentialAction":[{"@type":"ReadAction","target":["https:\/\/fr.kunstloft.be\/magazine\/tapis-salon-idees\/"]}]},{"@type":"ImageObject","inLanguage":"fr-BE","@id":"https:\/\/fr.kunstloft.be\/magazine\/tapis-salon-idees\/#primaryimage","url":"https:\/\/fr.kunstloft.be\/magazine\/wp-content\/uploads\/2023\/07\/cover-scaled-1.jpg","contentUrl":"https:\/\/fr.kunstloft.be\/magazine\/wp-content\/uploads\/2023\/07\/cover-scaled-1.jpg","width":2560,"height":1164},{"@type":"BreadcrumbList","@id":"https:\/\/fr.kunstloft.be\/magazine\/tapis-salon-idees\/#breadcrumb","itemListElement":[{"@type":"ListItem","position":1,"name":"Home","item":"https:\/\/fr.kunstloft.be\/magazine\/"},{"@type":"ListItem","position":2,"name":"Confort et individualit\u00e9: des tapis pour votre salon"}]},{"@type":"WebSite","@id":"https:\/\/fr.kunstloft.be\/magazine\/#website","url":"https:\/\/fr.kunstloft.be\/magazine\/","name":"KUNSTLOFT","description":"Magazine","publisher":{"@id":"https:\/\/fr.kunstloft.be\/magazine\/#organization"},"potentialAction":[{"@type":"SearchAction","target":{"@type":"EntryPoint","urlTemplate":"https:\/\/fr.kunstloft.be\/magazine\/?s={search_term_string}"},"query-input":{"@type":"PropertyValueSpecification","valueRequired":true,"valueName":"search_term_string"}}],"inLanguage":"fr-BE"},{"@type":"Organization","@id":"https:\/\/fr.kunstloft.be\/magazine\/#organization","name":"KUNSTLOFT","url":"https:\/\/fr.kunstloft.be\/magazine\/","logo":{"@type":"ImageObject","inLanguage":"fr-BE","@id":"https:\/\/fr.kunstloft.be\/magazine\/#\/schema\/logo\/image\/","url":"https:\/\/fr.kunstloft.be\/wordpress\/fr_FR\/be\/wp-content\/uploads\/2023\/06\/Logo-Kunstloft-377x377-1.png","contentUrl":"https:\/\/fr.kunstloft.be\/wordpress\/fr_FR\/be\/wp-content\/uploads\/2023\/06\/Logo-Kunstloft-377x377-1.png","width":377,"height":377,"caption":"KUNSTLOFT"},"image":{"@id":"https:\/\/fr.kunstloft.be\/magazine\/#\/schema\/logo\/image\/"},"sameAs":["https:\/\/www.facebook.com\/kunstloft.fr\/","https:\/\/www.instagram.com\/kunstloft\/"]},{"@type":"Person","@id":"https:\/\/fr.kunstloft.be\/magazine\/#\/schema\/person\/f6611bddabd23e7eddbbeb2600df6454","name":"Amelie","image":{"@type":"ImageObject","inLanguage":"fr-BE","@id":"https:\/\/secure.gravatar.com\/avatar\/660c17c783d9cac86adb9970bb0a28dfcbaa9ba30c86daabbee650bc82929739?s=96&d=mm&r=g","url":"https:\/\/secure.gravatar.com\/avatar\/660c17c783d9cac86adb9970bb0a28dfcbaa9ba30c86daabbee650bc82929739?s=96&d=mm&r=g","contentUrl":"https:\/\/secure.gravatar.com\/avatar\/660c17c783d9cac86adb9970bb0a28dfcbaa9ba30c86daabbee650bc82929739?s=96&d=mm&r=g","caption":"Amelie"},"url":"https:\/\/fr.kunstloft.be\/magazine\/author\/amelieb\/"}]}},"_links":{"self":[{"href":"https:\/\/fr.kunstloft.be\/magazine\/wp-json\/wp\/v2\/posts\/1752","targetHints":{"allow":["GET"]}}],"collection":[{"href":"https:\/\/fr.kunstloft.be\/magazine\/wp-json\/wp\/v2\/posts"}],"about":[{"href":"https:\/\/fr.kunstloft.be\/magazine\/wp-json\/wp\/v2\/types\/post"}],"author":[{"embeddable":true,"href":"https:\/\/fr.kunstloft.be\/magazine\/wp-json\/wp\/v2\/users\/8"}],"replies":[{"embeddable":true,"href":"https:\/\/fr.kunstloft.be\/magazine\/wp-json\/wp\/v2\/comments?post=1752"}],"version-history":[{"count":17,"href":"https:\/\/fr.kunstloft.be\/magazine\/wp-json\/wp\/v2\/posts\/1752\/revisions"}],"predecessor-version":[{"id":6635,"href":"https:\/\/fr.kunstloft.be\/magazine\/wp-json\/wp\/v2\/posts\/1752\/revisions\/6635"}],"wp:featuredmedia":[{"embeddable":true,"href":"https:\/\/fr.kunstloft.be\/magazine\/wp-json\/wp\/v2\/media\/5461"}],"wp:attachment":[{"href":"https:\/\/fr.kunstloft.be\/magazine\/wp-json\/wp\/v2\/media?parent=1752"}],"wp:term":[{"taxonomy":"category","embeddable":true,"href":"https:\/\/fr.kunstloft.be\/magazine\/wp-json\/wp\/v2\/categories?post=1752"},{"taxonomy":"post_tag","embeddable":true,"href":"https:\/\/fr.kunstloft.be\/magazine\/wp-json\/wp\/v2\/tags?post=1752"}],"curies":[{"name":"wp","href":"https:\/\/api.w.org\/{rel}","templated":true}]}}